{"id":70,"date":"2024-08-23T08:19:00","date_gmt":"2024-08-23T14:19:00","guid":{"rendered":"http:\/\/september.themes.tvda.pw\/?p=70"},"modified":"2024-09-03T16:20:16","modified_gmt":"2024-09-03T22:20:16","slug":"visita-de-los-alumnos-depreparatoria-agricola-de-la-universidad-autonoma-chapingo2","status":"publish","type":"post","link":"https:\/\/www.vamexico.com\/jb2\/2024\/08\/23\/visita-de-los-alumnos-depreparatoria-agricola-de-la-universidad-autonoma-chapingo2\/","title":{"rendered":"10\u00ba C\u00e1tedras del Semidesierto JBRC"},"content":{"rendered":"\n<p>Con gran \u00e9xito se llev\u00f3 a cabo la d\u00e9cima edici\u00f3n de las C\u00e1tedras del Semidesierto, desde el auditorio del Jard\u00edn Bot\u00e1nico Regional de Cadereyta, bajo el lema \u201cPensar para actuar\u201d. Se trata de un foro en el que los investigadores de Licenciatura, Maestr\u00eda o Doctorado -que realizan trabajos en el \u00e1rea silvestre del Jard\u00edn Bot\u00e1nico o en la regi\u00f3n del semidesierto- compartieron los avances de sus proyectos con el p\u00fablico general y un jurado especializado que los evalu\u00f3, para otorgar premios a los tres primeros lugares, mismos que enlistamos a continuaci\u00f3n:<\/p>\n\n\n\n<p><strong>Primer lugar (C\u00e1tedra de M\u00e1rmol) Esteban Omar Mungu\u00eda-Soto<\/strong><br>&#8220;Secretos del semidesierto: Visitantes florales de un matorral xer\u00f3filo del Semidesierto Queretano&#8221;.<\/p>\n\n\n\n<p><strong>Segundo lugar: Pactli Fernando Ortega Gonz\u00e1lez<\/strong><br>&#8220;Redes ecol\u00f3gicas en cactus. Visitantes florales a trav\u00e9s del tiempo&#8221;.<\/p>\n\n\n\n<p><strong>Tercer lugar: Andr\u00e9s Pereira-Guaqueta<\/strong><br>&#8220;Integraci\u00f3n de Kalanchoe delagoensis en las redes de polinizaci\u00f3n del semidesierto queretano&#8221;.<\/p>\n\n\n\n<p>En esta edici\u00f3n se presentaron 3 conferencias magistrales, 17 ponencias orales y 1 conversatorio conmemorativo a prop\u00f3sito del d\u00e9cimo aniversario. Agradecemos a todos los participantes, a nuestros socios acad\u00e9micos de (UNAM- IE, UAM-X) as\u00ed como al apoyo del CONCYTEQ y la Sociedad Cient\u00edfica Mexicana de Ecolog\u00eda, A.C.<\/p>\n\n\n\n<p>Para poder observar todas las conferencias visita nuestro canal de Youtube: (<a href=\"https:\/\/www.youtube.com\/@botanicocadereyta\">https:\/\/www.youtube.com\/@botanicocadereyta<\/a>)<\/p>\n\n\n\n<p>Para leer las memorias de las ediciones anteriores haz <a href=\"https:\/\/www.vamexico.com\/jb2\/catedras-del-semidesierto\/\" data-type=\"page\" data-id=\"7629\">click aqu\u00ed.<\/a><\/p>\n\n\n\n<figure class=\"wp-block-gallery has-nested-images columns-default is-cropped wp-block-gallery-1 is-layout-flex wp-block-gallery-is-layout-flex\">\n<figure class=\"wp-block-image size-large\"><img loading=\"lazy\" decoding=\"async\" width=\"1200\" height=\"900\" data-id=\"8708\" src=\"https:\/\/www.vamexico.com\/jb2\/wp-content\/uploads\/2024\/08\/FOTO-A-1200x900.jpg\" alt=\"\" class=\"wp-image-8708\" srcset=\"https:\/\/www.vamexico.com\/jb2\/wp-content\/uploads\/2024\/08\/FOTO-A-1200x900.jpg 1200w, https:\/\/www.vamexico.com\/jb2\/wp-content\/uploads\/2024\/08\/FOTO-A-480x360.jpg 480w, https:\/\/www.vamexico.com\/jb2\/wp-content\/uploads\/2024\/08\/FOTO-A.jpg 2048w\" sizes=\"auto, (max-width: 1200px) 100vw, 1200px\" \/><\/figure>\n\n\n\n<figure class=\"wp-block-image size-large\"><img loading=\"lazy\" decoding=\"async\" width=\"1200\" height=\"900\" data-id=\"8709\" src=\"https:\/\/www.vamexico.com\/jb2\/wp-content\/uploads\/2024\/08\/FOTO-B-1200x900.jpg\" alt=\"\" class=\"wp-image-8709\" srcset=\"https:\/\/www.vamexico.com\/jb2\/wp-content\/uploads\/2024\/08\/FOTO-B-1200x900.jpg 1200w, https:\/\/www.vamexico.com\/jb2\/wp-content\/uploads\/2024\/08\/FOTO-B-480x360.jpg 480w, https:\/\/www.vamexico.com\/jb2\/wp-content\/uploads\/2024\/08\/FOTO-B.jpg 2048w\" sizes=\"auto, (max-width: 1200px) 100vw, 1200px\" \/><\/figure>\n\n\n\n<figure class=\"wp-block-image size-large\"><img loading=\"lazy\" decoding=\"async\" width=\"1200\" height=\"900\" data-id=\"8710\" src=\"https:\/\/www.vamexico.com\/jb2\/wp-content\/uploads\/2024\/08\/FOTO-C-1200x900.jpg\" alt=\"\" class=\"wp-image-8710\" srcset=\"https:\/\/www.vamexico.com\/jb2\/wp-content\/uploads\/2024\/08\/FOTO-C-1200x900.jpg 1200w, https:\/\/www.vamexico.com\/jb2\/wp-content\/uploads\/2024\/08\/FOTO-C-480x360.jpg 480w, https:\/\/www.vamexico.com\/jb2\/wp-content\/uploads\/2024\/08\/FOTO-C.jpg 2048w\" sizes=\"auto, (max-width: 1200px) 100vw, 1200px\" \/><\/figure>\n<\/figure>\n","protected":false},"excerpt":{"rendered":"<p>Con gran \u00e9xito se llev\u00f3 a cabo la d\u00e9cima edici\u00f3n de las C\u00e1tedras del Semidesierto, desde el auditorio del Jard\u00edn Bot\u00e1nico Regional de Cadereyta, bajo el lema \u201cPensar para actuar\u201d. Se trata de un foro en el que los investigadores de Licenciatura, Maestr\u00eda o Doctorado -que realizan trabajos en el \u00e1rea silvestre del Jard\u00edn Bot\u00e1nico [&hellip;]<\/p>\n","protected":false},"author":1,"featured_media":8698,"comment_status":"closed","ping_status":"open","sticky":false,"template":"","format":"standard","meta":{"_joinchat":[],"footnotes":""},"categories":[5],"tags":[],"class_list":["post-70","post","type-post","status-publish","format-standard","has-post-thumbnail","hentry","category-wordpress"],"_links":{"self":[{"href":"https:\/\/www.vamexico.com\/jb2\/wp-json\/wp\/v2\/posts\/70","targetHints":{"allow":["GET"]}}],"collection":[{"href":"https:\/\/www.vamexico.com\/jb2\/wp-json\/wp\/v2\/posts"}],"about":[{"href":"https:\/\/www.vamexico.com\/jb2\/wp-json\/wp\/v2\/types\/post"}],"author":[{"embeddable":true,"href":"https:\/\/www.vamexico.com\/jb2\/wp-json\/wp\/v2\/users\/1"}],"replies":[{"embeddable":true,"href":"https:\/\/www.vamexico.com\/jb2\/wp-json\/wp\/v2\/comments?post=70"}],"version-history":[{"count":5,"href":"https:\/\/www.vamexico.com\/jb2\/wp-json\/wp\/v2\/posts\/70\/revisions"}],"predecessor-version":[{"id":8713,"href":"https:\/\/www.vamexico.com\/jb2\/wp-json\/wp\/v2\/posts\/70\/revisions\/8713"}],"wp:featuredmedia":[{"embeddable":true,"href":"https:\/\/www.vamexico.com\/jb2\/wp-json\/wp\/v2\/media\/8698"}],"wp:attachment":[{"href":"https:\/\/www.vamexico.com\/jb2\/wp-json\/wp\/v2\/media?parent=70"}],"wp:term":[{"taxonomy":"category","embeddable":true,"href":"https:\/\/www.vamexico.com\/jb2\/wp-json\/wp\/v2\/categories?post=70"},{"taxonomy":"post_tag","embeddable":true,"href":"https:\/\/www.vamexico.com\/jb2\/wp-json\/wp\/v2\/tags?post=70"}],"curies":[{"name":"wp","href":"https:\/\/api.w.org\/{rel}","templated":true}]}}